{"id":250,"date":"2019-03-15T08:43:17","date_gmt":"2019-03-15T07:43:17","guid":{"rendered":"http:\/\/www.gruenemondseeland.at\/?p=250"},"modified":"2019-03-15T08:43:17","modified_gmt":"2019-03-15T07:43:17","slug":"die-eu-gestalten-und-entwickeln-ist-gruen","status":"publish","type":"post","link":"https:\/\/www.gruenemondseeland.at\/?p=250","title":{"rendered":"Die EU gestalten und entwickeln ist gr\u00fcn."},"content":{"rendered":"<p><img loading=\"lazy\" class=\"alignleft wp-image-254\" src=\"http:\/\/www.gruenemondseeland.at\/wp-content\/uploads\/2019\/01\/20180128EU-300x35.png\" alt=\"\" width=\"1000\" height=\"118\" srcset=\"https:\/\/www.gruenemondseeland.at\/wp-content\/uploads\/2019\/01\/20180128EU-300x35.png 300w, https:\/\/www.gruenemondseeland.at\/wp-content\/uploads\/2019\/01\/20180128EU-768x91.png 768w, https:\/\/www.gruenemondseeland.at\/wp-content\/uploads\/2019\/01\/20180128EU-1024x121.png 1024w\" sizes=\"(max-width: 767px) 89vw, (max-width: 1000px) 54vw, (max-width: 1071px) 543px, 580px\" \/><img \/><img \/><\/p>\n<div class=\"page\" title=\"Page 3\">\n<div class=\"layoutArea\">\n<div class=\"column\">\n<p>&nbsp;<\/p>\n<p>Im November fand in Wien bereits die 5. Generalversammlung der EU-Gemeinder\u00e4tInnen in Wien statt. Wir vier Gr\u00fcne EU-Gmeinder\u00e4tInnen aus Mondsee und St. Lorenz machten uns gemeinsam auf den Weg dorthin. Karin Kneissel und Wilhelm Molterer hielten eine Festrede. Nach einem Podium zum Thema \u201eAktuelle Herausforderungen der Europapolitik\u201c gab es am Nachmittag in verschiedenen Workshops noch die M\u00f6glichkeit, Fragen zu stellen. Diese Initiative ist einzigartig in ganz Europa. EU-Gemeinder\u00e4tInnen sollen als Informationsdrehscheibe in den Gemeinden aktiv sein. Das bedeutet nicht, dass wir\u00a0ad hoc alle Fragen beantworten k\u00f6nnen, aber wir wissen, an welche Stellen wir uns wenden m\u00fcssen und haben einen direkten Kontakt zum Ausw\u00e4rtigen Amt in Wien.<br \/>\nIm kommenden Mai findet die n\u00e4chste Europa-Wahl statt. Wenn man bedenkt, dass 80% aller Gesetze bereits auf europ\u00e4ischer Ebene beschlossen und auf Gemeindebene umgesetzt werden, wird klar, wie wichtig diese Wahl ist.<\/p>\n<p><img loading=\"lazy\" class=\"alignnone wp-image-258 size-large\" src=\"http:\/\/www.gruenemondseeland.at\/wp-content\/uploads\/2019\/01\/20180128EU1-1024x522.png\" alt=\"\" width=\"525\" height=\"268\" srcset=\"https:\/\/www.gruenemondseeland.at\/wp-content\/uploads\/2019\/01\/20180128EU1-1024x522.png 1024w, https:\/\/www.gruenemondseeland.at\/wp-content\/uploads\/2019\/01\/20180128EU1-300x153.png 300w, https:\/\/www.gruenemondseeland.at\/wp-content\/uploads\/2019\/01\/20180128EU1-768x391.png 768w, https:\/\/www.gruenemondseeland.at\/wp-content\/uploads\/2019\/01\/20180128EU1.png 1598w\" sizes=\"(max-width: 525px) 100vw, 525px\" \/><\/p>\n<p>Durch den BREXIT wird \u00d6sterreich einen weiteren Sitz (und damit 19) im EU-Parlament erhalten. Gehen Sie bitte unbedingt zur Wahl am 26. Mai 2019 und stellen Sie sicher, dass\u00a0<span style=\"font-size: 1rem;\">die Gr\u00fcnen im Europaparlament verst\u00e4rkt gute Arbeit f\u00fcr ein soziales, \u00f6kologisches und vereintes Europa leisten k\u00f6nnen.<\/span><\/p>\n<\/div>\n<div class=\"page\" title=\"Page 3\">\n<div class=\"layoutArea\">\n<div class=\"column\">\n<p>\u201eGr\u00fcn ist eine Liebeserkl\u00e4rung an die Welt. Geht es nach der Bundesregierung, sollen wir uns bei den Orbans und Salvinis einrei- hen. Und das ist der dringende Auftrag an uns, hier dagegen zu halten. Denn sonst kommt etwas ins Rutschen. Und daher gilt es, Europa und unsere Werte wie Freiheit,\u00a0<span style=\"font-size: 1rem;\">Demokratie und Menschenw\u00fcrde mit Leidenschaft zu verteidigen!\u201c, so Werner Kogler \u2013 Bundessprecher der Gr\u00fcnen und unser Kandidat bei der Europawahl 2019.<\/span><\/p>\n<div class=\"page\" title=\"Page 3\">\n<div class=\"layoutArea\">\n<div class=\"column\">\n<p>Wenn Sie Fragen haben, wenden Sie sich gerne an uns: Peter Hiller &amp; Josef Dobesberger aus St. Lorenz, Franz Schwaighofer und Sylvia Klimesch aus Mondsee.<\/p>\n<p><img loading=\"lazy\" class=\"alignnone size-medium wp-image-72\" src=\"http:\/\/www.gruenemondseeland.at\/wp-content\/uploads\/2017\/09\/MG_8442_Klimesch-200x300.jpg\" alt=\"\" width=\"200\" height=\"300\" srcset=\"https:\/\/www.gruenemondseeland.at\/wp-content\/uploads\/2017\/09\/MG_8442_Klimesch-200x300.jpg 200w, https:\/\/www.gruenemondseeland.at\/wp-content\/uploads\/2017\/09\/MG_8442_Klimesch.jpg 394w\" sizes=\"(max-width: 200px) 100vw, 200px\" \/><br \/>\nSylvia Klimesch, Mondsee<\/p>\n<\/div>\n<\/div>\n<\/div>\n<\/div>\n<\/div>\n<\/div>\n<\/div>\n<\/div>\n","protected":false},"excerpt":{"rendered":"<p>&nbsp; Im November fand in Wien bereits die 5. Generalversammlung der EU-Gemeinder\u00e4tInnen in Wien statt. Wir vier Gr\u00fcne EU-Gmeinder\u00e4tInnen aus Mondsee und St. Lorenz machten uns gemeinsam auf den Weg dorthin. Karin Kneissel und Wilhelm Molterer hielten eine Festrede. Nach einem Podium zum Thema \u201eAktuelle Herausforderungen der Europapolitik\u201c gab es am Nachmittag in verschiedenen Workshops &hellip; <\/p>\n<p class=\"link-more\"><a href=\"https:\/\/www.gruenemondseeland.at\/?p=250\" class=\"more-link\"><span class=\"screen-reader-text\">\u201eDie EU gestalten und entwickeln ist gr\u00fcn.\u201c<\/span> weiterlesen<\/a><\/p>\n","protected":false},"author":2,"featured_media":0,"comment_status":"open","ping_status":"open","sticky":false,"template":"","format":"standard","meta":[],"categories":[1],"tags":[],"_links":{"self":[{"href":"https:\/\/www.gruenemondseeland.at\/index.php?rest_route=\/wp\/v2\/posts\/250"}],"collection":[{"href":"https:\/\/www.gruenemondseeland.at\/index.php?rest_route=\/wp\/v2\/posts"}],"about":[{"href":"https:\/\/www.gruenemondseeland.at\/index.php?rest_route=\/wp\/v2\/types\/post"}],"author":[{"embeddable":true,"href":"https:\/\/www.gruenemondseeland.at\/index.php?rest_route=\/wp\/v2\/users\/2"}],"replies":[{"embeddable":true,"href":"https:\/\/www.gruenemondseeland.at\/index.php?rest_route=%2Fwp%2Fv2%2Fcomments&post=250"}],"version-history":[{"count":9,"href":"https:\/\/www.gruenemondseeland.at\/index.php?rest_route=\/wp\/v2\/posts\/250\/revisions"}],"predecessor-version":[{"id":261,"href":"https:\/\/www.gruenemondseeland.at\/index.php?rest_route=\/wp\/v2\/posts\/250\/revisions\/261"}],"wp:attachment":[{"href":"https:\/\/www.gruenemondseeland.at\/index.php?rest_route=%2Fwp%2Fv2%2Fmedia&parent=250"}],"wp:term":[{"taxonomy":"category","embeddable":true,"href":"https:\/\/www.gruenemondseeland.at\/index.php?rest_route=%2Fwp%2Fv2%2Fcategories&post=250"},{"taxonomy":"post_tag","embeddable":true,"href":"https:\/\/www.gruenemondseeland.at\/index.php?rest_route=%2Fwp%2Fv2%2Ftags&post=250"}],"curies":[{"name":"wp","href":"https:\/\/api.w.org\/{rel}","templated":true}]}}